{"id":3407,"date":"2017-02-24T07:55:00","date_gmt":"2017-02-24T05:55:00","guid":{"rendered":"https:\/\/oji.fundacion-sm.ismeduca.com\/noticias\/coleccion-juventudes-argentinas-consejo-latinoamericano-de-ciencias-sociales-clacso\/"},"modified":"2023-12-18T17:30:46","modified_gmt":"2023-12-18T15:30:46","slug":"colecao-juventudes-argentinas-conselho-latino-americano-de-ciencias-sociais-clacso","status":"publish","type":"post","link":"https:\/\/oji.fundacion-sm.ismeduca.com\/pt-br\/outros-estudos\/colecao-juventudes-argentinas-conselho-latino-americano-de-ciencias-sociais-clacso\/","title":{"rendered":"Cole\u00e7\u00e3o Juventudes Argentinas"},"content":{"rendered":"\t\t<div data-elementor-type=\"wp-post\" data-elementor-id=\"3407\" class=\"elementor elementor-3407 elementor-2954\" data-elementor-post-type=\"post\">\n\t\t\t\t\t\t<section class=\"elementor-section elementor-top-section elementor-element elementor-element-5575fb13 elementor-section-full_width elementor-section-height-default elementor-section-height-default\" data-id=\"5575fb13\" data-element_type=\"section\">\n\t\t\t\t\t\t<div class=\"elementor-container elementor-column-gap-default\">\n\t\t\t\t\t<div class=\"elementor-column elementor-col-100 elementor-top-column elementor-element elementor-element-55613e9f\" data-id=\"55613e9f\" data-element_type=\"column\">\n\t\t\t<div class=\"elementor-widget-wrap elementor-element-populated\">\n\t\t\t\t\t\t<div class=\"elementor-element elementor-element-1a9a9304 elementor-widget elementor-widget-bloque-botonera-publicaciones\" data-id=\"1a9a9304\" data-element_type=\"widget\" data-widget_type=\"bloque-botonera-publicaciones.default\">\n\t\t\t\t<div class=\"elementor-widget-container\">\n\t\t\t\t\t\n<!-- Bloque Botonera publicaciones -->\n<section class=\"bloque bloque-anclas  \">\n    <div class=\"container\">\n        <div class=\"row\">\n            <div class=\"col-12 col-lg-8 offset-lg-3\">  \n                <div class=\"anclas\" data-aos=\"fade\" data-aos-duration=\"700\">\n                                        <a class=\"btn btn-primary\"  href=\"http:\/\/www.clacso.org.ar\/libreria-latinoamericana\/buscar_libro_resultado.php?campo=isbn&texto=978-987-1309&imageField.x=30&imageField.y=4\" target=\"_blank\" title=\"Leer colecci\u00f3n\">Leer colecci\u00f3n <i aria-hidden=\"true\" class=\"fas fa-download\"><\/i><\/a>\n                                                                                                                                                <div class=\"a2a_kit a2a_kit_size_32 addtoany_list\" data-a2a-url=\"https:\/\/oji.fundacion-sm.ismeduca.com\/pt-br\/outros-estudos\/colecao-juventudes-argentinas-conselho-latino-americano-de-ciencias-sociais-clacso\/\" data-a2a-title=\"Cole\u00e7\u00e3o Juventudes Argentinas\"><a class=\"a2a_dd addtoany_no_icon addtoany_share_save addtoany_share\" href=\"https:\/\/www.addtoany.com\/share\">Compartilhar<\/a><\/div>                                    <\/div>\n            <\/div>\n        <\/div>\n    <\/div>\n<\/section>\n\n\n\t\t\t\t<\/div>\n\t\t\t\t<\/div>\n\t\t\t\t<div class=\"elementor-element elementor-element-3d01afd4 elementor-widget elementor-widget-bloque-texto\" data-id=\"3d01afd4\" data-element_type=\"widget\" data-widget_type=\"bloque-texto.default\">\n\t\t\t\t<div class=\"elementor-widget-container\">\n\t\t\t\t\t<!-- Texto -->\n<section class=\"bloque bloque-texto  \">\n    <div class=\"container\">\n                <div class=\"row\">\n            <div class=\"col-12 col-lg-8 offset-lg-3\">\n                <div class=\"the_content\" data-aos=\"fade-up\" data-aos-duration=\"700\">\n                                        <p>Trata-se de seis volumes\u00a0que cobrem uma ampla variedade de temas relacionados essencialmente\u00a0com a juventude argentina, por\u00e9m sem deixar de lado o contexto latino-americano no qual est\u00e1 inserida a maioria das pesquisas\u00a0que conformam tais publica\u00e7\u00f5es.<\/p>\n<h2>Juventudes e pol\u00edtica na Am\u00e9rica Latina.\u00a0<i>Tend\u00eancias, conflitos e desafios<\/i><\/h2>\n<p>O prop\u00f3sito desse livro \u00e9 aprofundar nas an\u00e1lises sobre as rela\u00e7\u00f5es entre juventudes e pol\u00edticas, enfocando nas tend\u00eancias, nos conflitos e desafios presentes e futuros. Nesse sentido, o primeiro cap\u00edtulo se dedica a analisar o v\u00ednculo rec\u00edproco pelo qual a pol\u00edtica pode ser interpretada como uma produ\u00e7\u00e3o territorial, e o territ\u00f3rio como uma produ\u00e7\u00e3o pol\u00edtica. Em um segundo cap\u00edtulo, se cruzam as pr\u00e1ticas pol\u00edticas produzidas desde as juventudes, com os discursos y disputas p\u00fablicas geradas a partir das mesmas. No terceiro cap\u00edtulo, se incorpora a dimens\u00e3o regional e continental, abordando os processos de organiza\u00e7\u00e3o e mobiliza\u00e7\u00e3o que as juventudes protagonizaram na Am\u00e9rica Latina na \u00faltima d\u00e9cada, tomando alguns pa\u00edses, como o Brasil, o Chile, a Col\u00f4mbia e o M\u00e9xico em tanto express\u00f5es do mesmo. Finalmente, os autores apresentar\u00e3o o enfoque geracional\u00a0para analisar as rela\u00e7\u00f5es entre pol\u00edticas e juventudes nos dias de hoje.<\/p>\n<p>O estudo aborda as condi\u00e7\u00f5es sociol\u00f3gicas e as diferentes modalidades atrav\u00e9s das quais a juventude \u00e9 produzida como categoria estatal, bem como as interessantes e inexploradas rela\u00e7\u00f5es entre os jovens e os processos de organiza\u00e7\u00e3o e mobiliza\u00e7\u00e3o pol\u00edtica. No cap\u00edtulo 1, \u00e9 apresentado um mapa geral das pol\u00edticas p\u00fablicas de juventude na Argentina, com base em um relevamento de 156 pol\u00edticas vigentes entre os anos de 2010 e 2014. No cap\u00edtulo 2, passamos do mapa geral para o estudo das pol\u00edticas enfocadas na promo\u00e7\u00e3o da participa\u00e7\u00e3o juvenil. Finalmente, no cap\u00edtulo 3 s\u00e3o analisadas especificamente as pol\u00edticas participativas impulsionadas a partir do Consejo Federal de Juventud, CFJ, (Conselho Federal de Juventude) e da Direcci\u00f3n Nacional de Juventud, DINAJU, (Dire\u00e7\u00e3o Nacional de Juventude), organismo que \u00e9 renomeado em fevereiro de 2014 como Subsecretar\u00eda de Juventud, SSJ, (Subsecretaria de Juventude), dentro do Minist\u00e9rio de Desarrollo Social de la Naci\u00f3n argentino (Desenvolvimento Social da Na\u00e7\u00e3o).<\/p>\n<h2>Conex\u00e3o total.\u00a0<i>Os jovens e a experi\u00eancia social na era da comunica\u00e7\u00e3o digital<\/i><\/h2>\n<p>O prop\u00f3sito do livro \u00e9 contribuir com elementos que sejam significativos para compreender a rela\u00e7\u00e3o entre as jovens gera\u00e7\u00f5es e o vasto universo das comunica\u00e7\u00f5es digitais. No primeiro cap\u00edtulo, se trata fundamentalmente de mostrar a rela\u00e7\u00e3o entre ambos termos: tecnologias digitais e gera\u00e7\u00f5es menores, por exemplo, sobre a evolu\u00e7\u00e3o dessas ferramentas e aplicativos, para arribar ao papel dos jovens como inventores e propulsores da cibercultura e da inovadora figura do \u201cprosumidor\u201d, um consumidor-produtor simult\u00e2neo de conte\u00fados digitais. No segundo cap\u00edtulo, \u00e9 desenvolvida a hist\u00f3ria das tecnologias digitais, da Internet nas suas diversas etapas e do surgimento das redes sociais, o paradigma por excel\u00eancia da chamada Web 2.0, a Internet colaborativa onde os conte\u00fados s\u00e3o dados fundamentalmente pelos usu\u00e1rios. O terceiro cap\u00edtulo se dedica a um tema pouco estudado at\u00e9 o momento: as formas em que os jovens de diversos setores (embora o foco enfatiza o papel dos setores populares da cidade de Buenos Aires) se apropriam das redes sociais e as utilizam com fins espec\u00edficos adequados aos seus interesses.<\/p>\n                <\/div>\n            <\/div>\n        <\/div>\n    <\/div>\n<\/section>\t\t\t\t<\/div>\n\t\t\t\t<\/div>\n\t\t\t\t<div class=\"elementor-element elementor-element-6fa19bc elementor-widget elementor-widget-bloque-imagen-articulo\" data-id=\"6fa19bc\" data-element_type=\"widget\" data-widget_type=\"bloque-imagen-articulo.default\">\n\t\t\t\t<div class=\"elementor-widget-container\">\n\t\t\t\t\t<!-- Texto -->\n<section class=\"bloque bloque-texto  \">\n    <div class=\"container\">\n        <div class=\"row\">\n                        <div class=\"col-12 col-lg-8 offset-lg-3\">\n                <div class=\"the_content\" data-aos=\"fade-up\" data-aos-duration=\"700\">\n                    <figure class=\"figure imagen2 imagen-centrada\">\n                        <div class=\"image\">\n                                                        <img decoding=\"async\" src=\"https:\/\/oji.fundacion-sm.ismeduca.com\/wp-content\/uploads\/sites\/4\/2023\/10\/libreria-latinoamericana.jpg\" class=\"figure-img img-fluid\" alt=\"\">\n                                                        <\/a>\n                            \n                                                    <\/div>\n                    <\/figure>\n                <\/div>\n            <\/div>\n        <\/div>\n    <\/div>\n<\/section>\t\t\t\t<\/div>\n\t\t\t\t<\/div>\n\t\t\t\t<div class=\"elementor-element elementor-element-c640bc3 elementor-widget elementor-widget-bloque-texto\" data-id=\"c640bc3\" data-element_type=\"widget\" data-widget_type=\"bloque-texto.default\">\n\t\t\t\t<div class=\"elementor-widget-container\">\n\t\t\t\t\t<!-- Texto -->\n<section class=\"bloque bloque-texto  \">\n    <div class=\"container\">\n                <div class=\"row\">\n            <div class=\"col-12 col-lg-8 offset-lg-3\">\n                <div class=\"the_content\" data-aos=\"fade-up\" data-aos-duration=\"700\">\n                                        <h2><b>Radiografias da experi\u00eancia escolar<\/b>.\u00a0<i>Ser jovem\/jovens na escuela<\/i><\/h2>\n<p>Este livro re\u00fane um conjunto de estudos realizados pelos autores no \u00e2mbito da \u00c1rea de Educa\u00e7\u00e3o da FLACSO Argentina, com a pretens\u00e3o de brindar ideias que contribuam para a reflex\u00e3o sobre a experi\u00eancia juvenil no espa\u00e7o escolar. No cap\u00edtulo 1, \u00e9 abordado o tema da sociabilidade no ensino fundamental atrav\u00e9s da an\u00e1lise das experi\u00eancias, expetativas e demandas juvenis. O cap\u00edtulo 2 se det\u00e9m na constru\u00e7\u00e3o dos v\u00ednculos (clima escolar, viol\u00eancias e processos de conviv\u00eancia). Finalmente, o cap\u00edtulo 3 explora a participa\u00e7\u00e3o pol\u00edtica dos jovens na escola (gr\u00eamios estudantis, grupos e demandas no espa\u00e7o escolar).<\/p>\n<h2>\u00c9 a vez das garotas.\u00a0<i>Identidade, cultura e poder<\/i><\/h2>\n<p>O estudo que apresenta esta publica\u00e7\u00e3o parte da ideia de que \u201c\u00e9 a vez das garotas\u201d (\u201ctiempo de chicas\u201d, no original). Tanto porque elas finalmente \u201capareceram\u201d no cen\u00e1rio p\u00fablico como protagonistas de imagens, s\u00edmbolos e narrativas culturalmente impregnantes quanto porque a sua maior visibilidade reclama com urg\u00eancia uma an\u00e1lise cuidadosa da rela\u00e7\u00e3o entre essa crescente centralidade e as condi\u00e7\u00f5es mais amplas, nas quais a distin\u00e7\u00e3o de g\u00eanero se articula desigualmente com as distin\u00e7\u00f5es de classe, idade, etnia e gera\u00e7\u00e3o, nas suas vidas concretas. Atrav\u00e9s da an\u00e1lise de distintos depoimentos e relatos de experi\u00eancias de meninas de setores m\u00e9dios e populares\u00a0sobre como interagem com os meios de comunica\u00e7\u00e3o, a ind\u00fastria cultural, o mercado, as pol\u00edticas p\u00fablicas e a arte, o que se busca \u00e9: por um lado, produzir conhecimento situado e atualiza\u00e7\u00f5es rigorosas sobre a multiplicidade de significados, pr\u00e1ticas e experi\u00eancias desenvolvidas pelas mulheres jovens na Argentina; e, por outro lado,\u00a0 responder com ferramentas anal\u00edticas e compromisso epistemol\u00f3gico \u00e0 oportunidade \u2013 at\u00e9 agora poucas vezes aproveitada \u2013 de analisar esse emergente universo juvenil das meninas desde uma perspetiva cr\u00edtica da diferen\u00e7a de g\u00eanero.<\/p>\n<h2>Dentro e fora.\u00a0<i>Juventudes, sistema penal e pol\u00edticas de seguran\u00e7a<\/i><\/h2>\n<p>O objetivo desse livro \u00e9 dar conta do tratamento que os jovens recebem por parte do sistema penal na Argentina e das pol\u00edticas de controle social, em um sentido amplo, das quais o mesmo coletivo \u00e9 destinat\u00e1rio. Em primeiro lugar, s\u00e3o explorados os segmentos da juventude argentina suscet\u00edveis de serem clientes do sistema penal ou, pelo menos, clientes t\u00edpicos, habituais do mesmo. Em segundo lugar, s\u00e3o analisadas\u00a0 as conting\u00eancias das pol\u00edticas de controle social em um sentido amplio, isto \u00e9, as pol\u00edticas p\u00fablicas orientadas ao controle social nas suas duas caras, proativa (com os seus componentes coativos-indutiva) ou reativa (com os seus componentes disciplinarias, coercitivos e punitivos).\u00a0Em terceiro lugar, \u00e9 realizado um percorrido por toda a cadeia punitiva, come\u00e7ando pela primeira etapa: as apreens\u00f5es policiais, para acompanhar o tr\u00e2nsito de adolescentes e jovens atrav\u00e9s dos seus trajetos institucionais, o seu encontro com a inst\u00e2ncia judicial e com os espa\u00e7os de tratamento institucionais e\/ou territoriais. O livro conclui problematizando as pol\u00edticas de seguran\u00e7a em todo o espectro, desde as pol\u00edticas criminais at\u00e9 as pol\u00edticas de gest\u00e3o de riscos, o controle atuarial e o governo da penalidade. Nesse amplo espectro, est\u00e3o inclu\u00eddas as inovadoras pol\u00edticas de seguran\u00e7a para a inclus\u00e3o social.<\/p>\n                <\/div>\n            <\/div>\n        <\/div>\n    <\/div>\n<\/section>\t\t\t\t<\/div>\n\t\t\t\t<\/div>\n\t\t\t\t<div class=\"elementor-element elementor-element-3c2d02e7 elementor-widget elementor-widget-bloque-botonera-publicaciones\" data-id=\"3c2d02e7\" data-element_type=\"widget\" data-widget_type=\"bloque-botonera-publicaciones.default\">\n\t\t\t\t<div class=\"elementor-widget-container\">\n\t\t\t\t\t\n<!-- Bloque Botonera publicaciones -->\n<section class=\"bloque bloque-anclas  \">\n    <div class=\"container\">\n        <div class=\"row\">\n            <div class=\"col-12 col-lg-8 offset-lg-3\">  \n                <div class=\"anclas\" data-aos=\"fade\" data-aos-duration=\"700\">\n                                        <a class=\"btn btn-primary\"  href=\"http:\/\/www.clacso.org.ar\/libreria-latinoamericana\/buscar_libro_resultado.php?campo=isbn&texto=978-987-1309&imageField.x=30&imageField.y=4\" target=\"_blank\" title=\"Leer colecci\u00f3n\">Leer colecci\u00f3n <i aria-hidden=\"true\" class=\"fas fa-download\"><\/i><\/a>\n                                                                                                                                                <div class=\"a2a_kit a2a_kit_size_32 addtoany_list\" data-a2a-url=\"https:\/\/oji.fundacion-sm.ismeduca.com\/pt-br\/outros-estudos\/colecao-juventudes-argentinas-conselho-latino-americano-de-ciencias-sociais-clacso\/\" data-a2a-title=\"Cole\u00e7\u00e3o Juventudes Argentinas\"><a class=\"a2a_dd addtoany_no_icon addtoany_share_save addtoany_share\" href=\"https:\/\/www.addtoany.com\/share\">Compartilhar<\/a><\/div>                                    <\/div>\n            <\/div>\n        <\/div>\n    <\/div>\n<\/section>\n\n\n\t\t\t\t<\/div>\n\t\t\t\t<\/div>\n\t\t\t\t<div class=\"elementor-element elementor-element-4ca7c0a0 elementor-widget elementor-widget-bloque-publicaciones-2\" data-id=\"4ca7c0a0\" data-element_type=\"widget\" data-widget_type=\"bloque-publicaciones-2.default\">\n\t\t\t\t<div class=\"elementor-widget-container\">\n\t\t\t\t\t<!-- Publicaciones -->\n<section class=\"bloque bloque-publicaciones-listado  diseno-otros-estudios\">\n    <div class=\"container \">\n        <div class=\"row titulo-con-enlace\">\n            <div class=\"col-12\">\n                <h2 class=\"titulos\" data-aos=\"fade-left\" data-aos-duration=\"700\">Voc\u00ea pode gostar...<\/h2>                                <a href=\"https:\/\/oji.fundacion-sm.ismeduca.com\/pt-br\/category\/outros-estudos\/\" data-aos=\"fade-right\" data-aos-duration=\"700\" class=\"enlace btn-arrow\" title=\"Ver mais\"><span>Ver mais<\/span><\/a>\n                            <\/div>\n        <\/div>\n        <div class=\"background \">\n            <div class=\"row justify-content-center gy-4 gy-lg-5\">\n                <div class=\"col-12 col-lg-10\">\n                    <div class=\"row g-4 g-lg-5\">\n                                                            <div class=\"col-12 col-sm-4\" data-aos=\"fade-up\" data-aos-delay=\"200\" data-aos-duration=\"700\">\n                                    <a class=\"publicacion \" href=\"https:\/\/oji.fundacion-sm.ismeduca.com\/pt-br\/outros-estudos\/juventudes-e-a-pandemia-do-coronavirus\/\">\n    <div class=\"imagen\">\n        <span>\n        <img fetchpriority=\"high\" decoding=\"async\" width=\"290\" height=\"410\" src=\"https:\/\/oji.fundacion-sm.ismeduca.com\/wp-content\/uploads\/sites\/4\/2023\/10\/Pesquisa-corona.png\" class=\"img-fluid wp-post-image\" alt=\"\" srcset=\"https:\/\/oji.fundacion-sm.ismeduca.com\/wp-content\/uploads\/sites\/4\/2023\/10\/Pesquisa-corona.png 290w, https:\/\/oji.fundacion-sm.ismeduca.com\/wp-content\/uploads\/sites\/4\/2023\/10\/Pesquisa-corona-212x300.png 212w\" sizes=\"(max-width: 290px) 100vw, 290px\" \/>        <\/span>\n    <\/div>\n    <h3 class=\"subtitulos\">Juventudes e a Pandemia do Coronav\u00edrus<\/h3>\n    <div class=\"autor\">Conselho Nacional da Juventude (CONJUVE)<\/div><\/a>                                    <\/div>\n                                                                    <div class=\"col-12 col-sm-4\" data-aos=\"fade-up\" data-aos-delay=\"500\" data-aos-duration=\"700\">\n                                    <a class=\"publicacion \" href=\"https:\/\/oji.fundacion-sm.ismeduca.com\/pt-br\/outros-estudos\/empreendedorismo-jovem-na-ibero-america-uma-solucao-para-a-empregabilidade\/\">\n    <div class=\"imagen\">\n        <span>\n        <img decoding=\"async\" width=\"290\" height=\"410\" src=\"https:\/\/oji.fundacion-sm.ismeduca.com\/wp-content\/uploads\/sites\/4\/2023\/10\/emprendimiento-juvenil-iberoamerica-portada.png\" class=\"img-fluid wp-post-image\" alt=\"\" srcset=\"https:\/\/oji.fundacion-sm.ismeduca.com\/wp-content\/uploads\/sites\/4\/2023\/10\/emprendimiento-juvenil-iberoamerica-portada.png 290w, https:\/\/oji.fundacion-sm.ismeduca.com\/wp-content\/uploads\/sites\/4\/2023\/10\/emprendimiento-juvenil-iberoamerica-portada-212x300.png 212w\" sizes=\"(max-width: 290px) 100vw, 290px\" \/>        <\/span>\n    <\/div>\n    <h3 class=\"subtitulos\">Empreendedorismo jovem na Ibero-Am\u00e9rica: Uma solu\u00e7\u00e3o para a empregabilidade<\/h3>\n    <div class=\"autor\">Organiza\u00e7\u00e3o Internacional da Juventude (OIJ)<\/div><\/a>                                    <\/div>\n                                                                    <div class=\"col-12 col-sm-4\" data-aos=\"fade-up\" data-aos-delay=\"800\" data-aos-duration=\"700\">\n                                    <a class=\"publicacion \" href=\"https:\/\/oji.fundacion-sm.ismeduca.com\/pt-br\/outros-estudos\/millennials-na-america-latina-e-no-caribe-trabalhar-ou-estudar\/\">\n    <div class=\"imagen\">\n        <span>\n        <img decoding=\"async\" width=\"290\" height=\"410\" src=\"https:\/\/oji.fundacion-sm.ismeduca.com\/wp-content\/uploads\/sites\/4\/2023\/10\/millenials-america-latina-portada.png\" class=\"img-fluid wp-post-image\" alt=\"\" srcset=\"https:\/\/oji.fundacion-sm.ismeduca.com\/wp-content\/uploads\/sites\/4\/2023\/10\/millenials-america-latina-portada.png 290w, https:\/\/oji.fundacion-sm.ismeduca.com\/wp-content\/uploads\/sites\/4\/2023\/10\/millenials-america-latina-portada-212x300.png 212w\" sizes=\"(max-width: 290px) 100vw, 290px\" \/>        <\/span>\n    <\/div>\n    <h3 class=\"subtitulos\">Millennials na Am\u00e9rica Latina e no Caribe: Trabalhar ou Estudar?<\/h3>\n    <div class=\"autor\">Banco Interamericano de Desenvolvimento (BID)<\/div><\/a>                                    <\/div>\n                                                    <\/div>\n                <\/div>\n            <\/div>\n        <\/div>\n    <\/div>\n<\/section>\t\t\t\t<\/div>\n\t\t\t\t<\/div>\n\t\t\t\t\t<\/div>\n\t\t<\/div>\n\t\t\t\t\t<\/div>\n\t\t<\/section>\n\t\t\t\t<\/div>\n\t\t","protected":false},"excerpt":{"rendered":"<p>Leer colecci\u00f3n Compartilhar Trata-se de seis volumes\u00a0que cobrem uma ampla variedade de temas relacionados essencialmente\u00a0com a juventude argentina, por\u00e9m sem deixar de lado o contexto latino-americano no qual est\u00e1 inserida a maioria das pesquisas\u00a0que conformam tais publica\u00e7\u00f5es. Juventudes e pol\u00edtica na Am\u00e9rica Latina.\u00a0Tend\u00eancias, conflitos e desafios O prop\u00f3sito desse livro \u00e9 aprofundar nas an\u00e1lises sobre [&hellip;]<\/p>\n","protected":false},"author":2,"featured_media":2956,"comment_status":"closed","ping_status":"closed","sticky":false,"template":"","format":"standard","meta":{"_acf_changed":false,"footnotes":""},"categories":[17],"tags":[],"class_list":["post-3407","post","type-post","status-publish","format-standard","has-post-thumbnail","hentry","category-outros-estudos"],"acf":[],"yoast_head":"<!-- This site is optimized with the Yoast SEO plugin v26.7 - https:\/\/yoast.com\/wordpress\/plugins\/seo\/ -->\n<title>Cole\u00e7\u00e3o Juventudes Argentinas - Observat\u00f3rio da Juventude na Ibero-Am\u00e9rica (OJI)<\/title>\n<meta name=\"description\" content=\"Trata-se de seis volumes\u00a0que cobrem uma ampla variedade de temas relacionados essencialmente\u00a0com a juventude argentina, por\u00e9m sem deixar de lado o contexto latino-americano no qual est\u00e1 inserida a maioria das pesquisas\u00a0que conformam tais publica\u00e7\u00f5es.\" \/>\n<meta name=\"robots\" content=\"index, follow, max-snippet:-1, max-image-preview:large, max-video-preview:-1\" \/>\n<link rel=\"canonical\" href=\"https:\/\/oji.fundacion-sm.ismeduca.com\/pt-br\/outros-estudos\/colecao-juventudes-argentinas-conselho-latino-americano-de-ciencias-sociais-clacso\/\" \/>\n<meta property=\"og:locale\" content=\"pt_BR\" \/>\n<meta property=\"og:type\" content=\"article\" \/>\n<meta property=\"og:title\" content=\"Cole\u00e7\u00e3o Juventudes Argentinas - Observat\u00f3rio da Juventude na Ibero-Am\u00e9rica (OJI)\" \/>\n<meta property=\"og:description\" content=\"Trata-se de seis volumes\u00a0que cobrem uma ampla variedade de temas relacionados essencialmente\u00a0com a juventude argentina, por\u00e9m sem deixar de lado o contexto latino-americano no qual est\u00e1 inserida a maioria das pesquisas\u00a0que conformam tais publica\u00e7\u00f5es.\" \/>\n<meta property=\"og:url\" content=\"https:\/\/oji.fundacion-sm.ismeduca.com\/pt-br\/outros-estudos\/colecao-juventudes-argentinas-conselho-latino-americano-de-ciencias-sociais-clacso\/\" \/>\n<meta property=\"og:site_name\" content=\"Observat\u00f3rio da Juventude na Ibero-Am\u00e9rica (OJI)\" \/>\n<meta property=\"article:published_time\" content=\"2017-02-24T05:55:00+00:00\" \/>\n<meta property=\"article:modified_time\" content=\"2023-12-18T15:30:46+00:00\" \/>\n<meta property=\"og:image\" content=\"https:\/\/oji.fundacion-sm.ismeduca.com\/wp-content\/uploads\/sites\/4\/2023\/10\/juventudes_argentinas_4_radiografias.png\" \/>\n\t<meta property=\"og:image:width\" content=\"290\" \/>\n\t<meta property=\"og:image:height\" content=\"410\" \/>\n\t<meta property=\"og:image:type\" content=\"image\/png\" \/>\n<meta name=\"author\" content=\"Antonio Rockin&#039;Pixels\" \/>\n<meta name=\"twitter:card\" content=\"summary_large_image\" \/>\n<meta name=\"twitter:label1\" content=\"Escrito por\" \/>\n\t<meta name=\"twitter:data1\" content=\"Antonio Rockin&#039;Pixels\" \/>\n\t<meta name=\"twitter:label2\" content=\"Est. tempo de leitura\" \/>\n\t<meta name=\"twitter:data2\" content=\"7 minutos\" \/>\n<script type=\"application\/ld+json\" class=\"yoast-schema-graph\">{\"@context\":\"https:\/\/schema.org\",\"@graph\":[{\"@type\":\"Article\",\"@id\":\"https:\/\/oji.fundacion-sm.ismeduca.com\/pt-br\/outros-estudos\/colecao-juventudes-argentinas-conselho-latino-americano-de-ciencias-sociais-clacso\/#article\",\"isPartOf\":{\"@id\":\"https:\/\/oji.fundacion-sm.ismeduca.com\/pt-br\/outros-estudos\/colecao-juventudes-argentinas-conselho-latino-americano-de-ciencias-sociais-clacso\/\"},\"author\":{\"name\":\"Antonio Rockin'Pixels\",\"@id\":\"https:\/\/oji.fundacion-sm.ismeduca.com\/pt-br\/#\/schema\/person\/853f955beb537b852c3687d514f42948\"},\"headline\":\"Cole\u00e7\u00e3o Juventudes Argentinas\",\"datePublished\":\"2017-02-24T05:55:00+00:00\",\"dateModified\":\"2023-12-18T15:30:46+00:00\",\"mainEntityOfPage\":{\"@id\":\"https:\/\/oji.fundacion-sm.ismeduca.com\/pt-br\/outros-estudos\/colecao-juventudes-argentinas-conselho-latino-americano-de-ciencias-sociais-clacso\/\"},\"wordCount\":1224,\"publisher\":{\"@id\":\"https:\/\/oji.fundacion-sm.ismeduca.com\/pt-br\/#organization\"},\"image\":{\"@id\":\"https:\/\/oji.fundacion-sm.ismeduca.com\/pt-br\/outros-estudos\/colecao-juventudes-argentinas-conselho-latino-americano-de-ciencias-sociais-clacso\/#primaryimage\"},\"thumbnailUrl\":\"https:\/\/oji.fundacion-sm.ismeduca.com\/wp-content\/uploads\/sites\/4\/2023\/10\/juventudes_argentinas_4_radiografias.png\",\"articleSection\":[\"Outros estudos\"],\"inLanguage\":\"pt-BR\"},{\"@type\":\"WebPage\",\"@id\":\"https:\/\/oji.fundacion-sm.ismeduca.com\/pt-br\/outros-estudos\/colecao-juventudes-argentinas-conselho-latino-americano-de-ciencias-sociais-clacso\/\",\"url\":\"https:\/\/oji.fundacion-sm.ismeduca.com\/pt-br\/outros-estudos\/colecao-juventudes-argentinas-conselho-latino-americano-de-ciencias-sociais-clacso\/\",\"name\":\"Cole\u00e7\u00e3o Juventudes Argentinas - Observat\u00f3rio da Juventude na Ibero-Am\u00e9rica (OJI)\",\"isPartOf\":{\"@id\":\"https:\/\/oji.fundacion-sm.ismeduca.com\/pt-br\/#website\"},\"primaryImageOfPage\":{\"@id\":\"https:\/\/oji.fundacion-sm.ismeduca.com\/pt-br\/outros-estudos\/colecao-juventudes-argentinas-conselho-latino-americano-de-ciencias-sociais-clacso\/#primaryimage\"},\"image\":{\"@id\":\"https:\/\/oji.fundacion-sm.ismeduca.com\/pt-br\/outros-estudos\/colecao-juventudes-argentinas-conselho-latino-americano-de-ciencias-sociais-clacso\/#primaryimage\"},\"thumbnailUrl\":\"https:\/\/oji.fundacion-sm.ismeduca.com\/wp-content\/uploads\/sites\/4\/2023\/10\/juventudes_argentinas_4_radiografias.png\",\"datePublished\":\"2017-02-24T05:55:00+00:00\",\"dateModified\":\"2023-12-18T15:30:46+00:00\",\"description\":\"Trata-se de seis volumes\u00a0que cobrem uma ampla variedade de temas relacionados essencialmente\u00a0com a juventude argentina, por\u00e9m sem deixar de lado o contexto latino-americano no qual est\u00e1 inserida a maioria das pesquisas\u00a0que conformam tais publica\u00e7\u00f5es.\",\"breadcrumb\":{\"@id\":\"https:\/\/oji.fundacion-sm.ismeduca.com\/pt-br\/outros-estudos\/colecao-juventudes-argentinas-conselho-latino-americano-de-ciencias-sociais-clacso\/#breadcrumb\"},\"inLanguage\":\"pt-BR\",\"potentialAction\":[{\"@type\":\"ReadAction\",\"target\":[\"https:\/\/oji.fundacion-sm.ismeduca.com\/pt-br\/outros-estudos\/colecao-juventudes-argentinas-conselho-latino-americano-de-ciencias-sociais-clacso\/\"]}]},{\"@type\":\"ImageObject\",\"inLanguage\":\"pt-BR\",\"@id\":\"https:\/\/oji.fundacion-sm.ismeduca.com\/pt-br\/outros-estudos\/colecao-juventudes-argentinas-conselho-latino-americano-de-ciencias-sociais-clacso\/#primaryimage\",\"url\":\"https:\/\/oji.fundacion-sm.ismeduca.com\/wp-content\/uploads\/sites\/4\/2023\/10\/juventudes_argentinas_4_radiografias.png\",\"contentUrl\":\"https:\/\/oji.fundacion-sm.ismeduca.com\/wp-content\/uploads\/sites\/4\/2023\/10\/juventudes_argentinas_4_radiografias.png\",\"width\":290,\"height\":410},{\"@type\":\"BreadcrumbList\",\"@id\":\"https:\/\/oji.fundacion-sm.ismeduca.com\/pt-br\/outros-estudos\/colecao-juventudes-argentinas-conselho-latino-americano-de-ciencias-sociais-clacso\/#breadcrumb\",\"itemListElement\":[{\"@type\":\"ListItem\",\"position\":1,\"name\":\"Home\",\"item\":\"https:\/\/oji.fundacion-sm.ismeduca.com\/pt-br\/\"},{\"@type\":\"ListItem\",\"position\":2,\"name\":\"Outros estudos\",\"item\":\"https:\/\/oji.fundacion-sm.ismeduca.com\/pt-br\/category\/outros-estudos\/\"},{\"@type\":\"ListItem\",\"position\":3,\"name\":\"Cole\u00e7\u00e3o Juventudes Argentinas\"}]},{\"@type\":\"WebSite\",\"@id\":\"https:\/\/oji.fundacion-sm.ismeduca.com\/pt-br\/#website\",\"url\":\"https:\/\/oji.fundacion-sm.ismeduca.com\/pt-br\/\",\"name\":\"Observat\u00f3rio da Juventude na Ibero-Am\u00e9rica (OJI)\",\"description\":\"Somos un programa de la Fundaci\u00f3n SM con vocaci\u00f3n de agrupar conocimiento, ser un lugar de referencia y servir de nexo de uni\u00f3n entre distintos observatorios y estudios sobre juventud e Iberoam\u00e9rica.\",\"publisher\":{\"@id\":\"https:\/\/oji.fundacion-sm.ismeduca.com\/pt-br\/#organization\"},\"potentialAction\":[{\"@type\":\"SearchAction\",\"target\":{\"@type\":\"EntryPoint\",\"urlTemplate\":\"https:\/\/oji.fundacion-sm.ismeduca.com\/pt-br\/?s={search_term_string}\"},\"query-input\":{\"@type\":\"PropertyValueSpecification\",\"valueRequired\":true,\"valueName\":\"search_term_string\"}}],\"inLanguage\":\"pt-BR\"},{\"@type\":\"Organization\",\"@id\":\"https:\/\/oji.fundacion-sm.ismeduca.com\/pt-br\/#organization\",\"name\":\"Observat\u00f3rio da Juventude na Ibero-Am\u00e9rica (OJI)\",\"url\":\"https:\/\/oji.fundacion-sm.ismeduca.com\/pt-br\/\",\"logo\":{\"@type\":\"ImageObject\",\"inLanguage\":\"pt-BR\",\"@id\":\"https:\/\/oji.fundacion-sm.ismeduca.com\/pt-br\/#\/schema\/logo\/image\/\",\"url\":\"https:\/\/oji.fundacion-sm.ismeduca.com\/wp-content\/uploads\/sites\/4\/2023\/11\/oji-logo-portugues.png\",\"contentUrl\":\"https:\/\/oji.fundacion-sm.ismeduca.com\/wp-content\/uploads\/sites\/4\/2023\/11\/oji-logo-portugues.png\",\"width\":590,\"height\":90,\"caption\":\"Observat\u00f3rio da Juventude na Ibero-Am\u00e9rica (OJI)\"},\"image\":{\"@id\":\"https:\/\/oji.fundacion-sm.ismeduca.com\/pt-br\/#\/schema\/logo\/image\/\"}},{\"@type\":\"Person\",\"@id\":\"https:\/\/oji.fundacion-sm.ismeduca.com\/pt-br\/#\/schema\/person\/853f955beb537b852c3687d514f42948\",\"name\":\"Antonio Rockin'Pixels\",\"url\":\"https:\/\/oji.fundacion-sm.ismeduca.com\/pt-br\/author\/smadminantonio\/\"}]}<\/script>\n<!-- \/ Yoast SEO plugin. -->","yoast_head_json":{"title":"Cole\u00e7\u00e3o Juventudes Argentinas - Observat\u00f3rio da Juventude na Ibero-Am\u00e9rica (OJI)","description":"Trata-se de seis volumes\u00a0que cobrem uma ampla variedade de temas relacionados essencialmente\u00a0com a juventude argentina, por\u00e9m sem deixar de lado o contexto latino-americano no qual est\u00e1 inserida a maioria das pesquisas\u00a0que conformam tais publica\u00e7\u00f5es.","robots":{"index":"index","follow":"follow","max-snippet":"max-snippet:-1","max-image-preview":"max-image-preview:large","max-video-preview":"max-video-preview:-1"},"canonical":"https:\/\/oji.fundacion-sm.ismeduca.com\/pt-br\/outros-estudos\/colecao-juventudes-argentinas-conselho-latino-americano-de-ciencias-sociais-clacso\/","og_locale":"pt_BR","og_type":"article","og_title":"Cole\u00e7\u00e3o Juventudes Argentinas - Observat\u00f3rio da Juventude na Ibero-Am\u00e9rica (OJI)","og_description":"Trata-se de seis volumes\u00a0que cobrem uma ampla variedade de temas relacionados essencialmente\u00a0com a juventude argentina, por\u00e9m sem deixar de lado o contexto latino-americano no qual est\u00e1 inserida a maioria das pesquisas\u00a0que conformam tais publica\u00e7\u00f5es.","og_url":"https:\/\/oji.fundacion-sm.ismeduca.com\/pt-br\/outros-estudos\/colecao-juventudes-argentinas-conselho-latino-americano-de-ciencias-sociais-clacso\/","og_site_name":"Observat\u00f3rio da Juventude na Ibero-Am\u00e9rica (OJI)","article_published_time":"2017-02-24T05:55:00+00:00","article_modified_time":"2023-12-18T15:30:46+00:00","og_image":[{"width":290,"height":410,"url":"https:\/\/oji.fundacion-sm.ismeduca.com\/wp-content\/uploads\/sites\/4\/2023\/10\/juventudes_argentinas_4_radiografias.png","type":"image\/png"}],"author":"Antonio Rockin'Pixels","twitter_card":"summary_large_image","twitter_misc":{"Escrito por":"Antonio Rockin'Pixels","Est. tempo de leitura":"7 minutos"},"schema":{"@context":"https:\/\/schema.org","@graph":[{"@type":"Article","@id":"https:\/\/oji.fundacion-sm.ismeduca.com\/pt-br\/outros-estudos\/colecao-juventudes-argentinas-conselho-latino-americano-de-ciencias-sociais-clacso\/#article","isPartOf":{"@id":"https:\/\/oji.fundacion-sm.ismeduca.com\/pt-br\/outros-estudos\/colecao-juventudes-argentinas-conselho-latino-americano-de-ciencias-sociais-clacso\/"},"author":{"name":"Antonio Rockin'Pixels","@id":"https:\/\/oji.fundacion-sm.ismeduca.com\/pt-br\/#\/schema\/person\/853f955beb537b852c3687d514f42948"},"headline":"Cole\u00e7\u00e3o Juventudes Argentinas","datePublished":"2017-02-24T05:55:00+00:00","dateModified":"2023-12-18T15:30:46+00:00","mainEntityOfPage":{"@id":"https:\/\/oji.fundacion-sm.ismeduca.com\/pt-br\/outros-estudos\/colecao-juventudes-argentinas-conselho-latino-americano-de-ciencias-sociais-clacso\/"},"wordCount":1224,"publisher":{"@id":"https:\/\/oji.fundacion-sm.ismeduca.com\/pt-br\/#organization"},"image":{"@id":"https:\/\/oji.fundacion-sm.ismeduca.com\/pt-br\/outros-estudos\/colecao-juventudes-argentinas-conselho-latino-americano-de-ciencias-sociais-clacso\/#primaryimage"},"thumbnailUrl":"https:\/\/oji.fundacion-sm.ismeduca.com\/wp-content\/uploads\/sites\/4\/2023\/10\/juventudes_argentinas_4_radiografias.png","articleSection":["Outros estudos"],"inLanguage":"pt-BR"},{"@type":"WebPage","@id":"https:\/\/oji.fundacion-sm.ismeduca.com\/pt-br\/outros-estudos\/colecao-juventudes-argentinas-conselho-latino-americano-de-ciencias-sociais-clacso\/","url":"https:\/\/oji.fundacion-sm.ismeduca.com\/pt-br\/outros-estudos\/colecao-juventudes-argentinas-conselho-latino-americano-de-ciencias-sociais-clacso\/","name":"Cole\u00e7\u00e3o Juventudes Argentinas - Observat\u00f3rio da Juventude na Ibero-Am\u00e9rica (OJI)","isPartOf":{"@id":"https:\/\/oji.fundacion-sm.ismeduca.com\/pt-br\/#website"},"primaryImageOfPage":{"@id":"https:\/\/oji.fundacion-sm.ismeduca.com\/pt-br\/outros-estudos\/colecao-juventudes-argentinas-conselho-latino-americano-de-ciencias-sociais-clacso\/#primaryimage"},"image":{"@id":"https:\/\/oji.fundacion-sm.ismeduca.com\/pt-br\/outros-estudos\/colecao-juventudes-argentinas-conselho-latino-americano-de-ciencias-sociais-clacso\/#primaryimage"},"thumbnailUrl":"https:\/\/oji.fundacion-sm.ismeduca.com\/wp-content\/uploads\/sites\/4\/2023\/10\/juventudes_argentinas_4_radiografias.png","datePublished":"2017-02-24T05:55:00+00:00","dateModified":"2023-12-18T15:30:46+00:00","description":"Trata-se de seis volumes\u00a0que cobrem uma ampla variedade de temas relacionados essencialmente\u00a0com a juventude argentina, por\u00e9m sem deixar de lado o contexto latino-americano no qual est\u00e1 inserida a maioria das pesquisas\u00a0que conformam tais publica\u00e7\u00f5es.","breadcrumb":{"@id":"https:\/\/oji.fundacion-sm.ismeduca.com\/pt-br\/outros-estudos\/colecao-juventudes-argentinas-conselho-latino-americano-de-ciencias-sociais-clacso\/#breadcrumb"},"inLanguage":"pt-BR","potentialAction":[{"@type":"ReadAction","target":["https:\/\/oji.fundacion-sm.ismeduca.com\/pt-br\/outros-estudos\/colecao-juventudes-argentinas-conselho-latino-americano-de-ciencias-sociais-clacso\/"]}]},{"@type":"ImageObject","inLanguage":"pt-BR","@id":"https:\/\/oji.fundacion-sm.ismeduca.com\/pt-br\/outros-estudos\/colecao-juventudes-argentinas-conselho-latino-americano-de-ciencias-sociais-clacso\/#primaryimage","url":"https:\/\/oji.fundacion-sm.ismeduca.com\/wp-content\/uploads\/sites\/4\/2023\/10\/juventudes_argentinas_4_radiografias.png","contentUrl":"https:\/\/oji.fundacion-sm.ismeduca.com\/wp-content\/uploads\/sites\/4\/2023\/10\/juventudes_argentinas_4_radiografias.png","width":290,"height":410},{"@type":"BreadcrumbList","@id":"https:\/\/oji.fundacion-sm.ismeduca.com\/pt-br\/outros-estudos\/colecao-juventudes-argentinas-conselho-latino-americano-de-ciencias-sociais-clacso\/#breadcrumb","itemListElement":[{"@type":"ListItem","position":1,"name":"Home","item":"https:\/\/oji.fundacion-sm.ismeduca.com\/pt-br\/"},{"@type":"ListItem","position":2,"name":"Outros estudos","item":"https:\/\/oji.fundacion-sm.ismeduca.com\/pt-br\/category\/outros-estudos\/"},{"@type":"ListItem","position":3,"name":"Cole\u00e7\u00e3o Juventudes Argentinas"}]},{"@type":"WebSite","@id":"https:\/\/oji.fundacion-sm.ismeduca.com\/pt-br\/#website","url":"https:\/\/oji.fundacion-sm.ismeduca.com\/pt-br\/","name":"Observat\u00f3rio da Juventude na Ibero-Am\u00e9rica (OJI)","description":"Somos un programa de la Fundaci\u00f3n SM con vocaci\u00f3n de agrupar conocimiento, ser un lugar de referencia y servir de nexo de uni\u00f3n entre distintos observatorios y estudios sobre juventud e Iberoam\u00e9rica.","publisher":{"@id":"https:\/\/oji.fundacion-sm.ismeduca.com\/pt-br\/#organization"},"potentialAction":[{"@type":"SearchAction","target":{"@type":"EntryPoint","urlTemplate":"https:\/\/oji.fundacion-sm.ismeduca.com\/pt-br\/?s={search_term_string}"},"query-input":{"@type":"PropertyValueSpecification","valueRequired":true,"valueName":"search_term_string"}}],"inLanguage":"pt-BR"},{"@type":"Organization","@id":"https:\/\/oji.fundacion-sm.ismeduca.com\/pt-br\/#organization","name":"Observat\u00f3rio da Juventude na Ibero-Am\u00e9rica (OJI)","url":"https:\/\/oji.fundacion-sm.ismeduca.com\/pt-br\/","logo":{"@type":"ImageObject","inLanguage":"pt-BR","@id":"https:\/\/oji.fundacion-sm.ismeduca.com\/pt-br\/#\/schema\/logo\/image\/","url":"https:\/\/oji.fundacion-sm.ismeduca.com\/wp-content\/uploads\/sites\/4\/2023\/11\/oji-logo-portugues.png","contentUrl":"https:\/\/oji.fundacion-sm.ismeduca.com\/wp-content\/uploads\/sites\/4\/2023\/11\/oji-logo-portugues.png","width":590,"height":90,"caption":"Observat\u00f3rio da Juventude na Ibero-Am\u00e9rica (OJI)"},"image":{"@id":"https:\/\/oji.fundacion-sm.ismeduca.com\/pt-br\/#\/schema\/logo\/image\/"}},{"@type":"Person","@id":"https:\/\/oji.fundacion-sm.ismeduca.com\/pt-br\/#\/schema\/person\/853f955beb537b852c3687d514f42948","name":"Antonio Rockin'Pixels","url":"https:\/\/oji.fundacion-sm.ismeduca.com\/pt-br\/author\/smadminantonio\/"}]}},"_links":{"self":[{"href":"https:\/\/oji.fundacion-sm.ismeduca.com\/pt-br\/wp-json\/wp\/v2\/posts\/3407","targetHints":{"allow":["GET"]}}],"collection":[{"href":"https:\/\/oji.fundacion-sm.ismeduca.com\/pt-br\/wp-json\/wp\/v2\/posts"}],"about":[{"href":"https:\/\/oji.fundacion-sm.ismeduca.com\/pt-br\/wp-json\/wp\/v2\/types\/post"}],"author":[{"embeddable":true,"href":"https:\/\/oji.fundacion-sm.ismeduca.com\/pt-br\/wp-json\/wp\/v2\/users\/2"}],"replies":[{"embeddable":true,"href":"https:\/\/oji.fundacion-sm.ismeduca.com\/pt-br\/wp-json\/wp\/v2\/comments?post=3407"}],"version-history":[{"count":5,"href":"https:\/\/oji.fundacion-sm.ismeduca.com\/pt-br\/wp-json\/wp\/v2\/posts\/3407\/revisions"}],"predecessor-version":[{"id":3412,"href":"https:\/\/oji.fundacion-sm.ismeduca.com\/pt-br\/wp-json\/wp\/v2\/posts\/3407\/revisions\/3412"}],"wp:featuredmedia":[{"embeddable":true,"href":"https:\/\/oji.fundacion-sm.ismeduca.com\/pt-br\/wp-json\/wp\/v2\/media\/2956"}],"wp:attachment":[{"href":"https:\/\/oji.fundacion-sm.ismeduca.com\/pt-br\/wp-json\/wp\/v2\/media?parent=3407"}],"wp:term":[{"taxonomy":"category","embeddable":true,"href":"https:\/\/oji.fundacion-sm.ismeduca.com\/pt-br\/wp-json\/wp\/v2\/categories?post=3407"},{"taxonomy":"post_tag","embeddable":true,"href":"https:\/\/oji.fundacion-sm.ismeduca.com\/pt-br\/wp-json\/wp\/v2\/tags?post=3407"}],"curies":[{"name":"wp","href":"https:\/\/api.w.org\/{rel}","templated":true}]}}